{"id":6731,"date":"2025-01-05T00:19:41","date_gmt":"2025-01-04T23:19:41","guid":{"rendered":"https:\/\/emd-cm.cat\/vida-del-moviment-reflexio-sector-valles\/"},"modified":"2025-01-05T00:20:02","modified_gmt":"2025-01-04T23:20:02","slug":"vida-del-moviment-reflexio-sector-valles","status":"publish","type":"post","link":"https:\/\/emd-cm.cat\/es\/vida-del-moviment-reflexio-sector-valles\/","title":{"rendered":"VIDA DEL MOVIMENT:  Reflexi\u00f3 Sector Vall\u00e9s"},"content":{"rendered":"<p><strong>CUIDAR L\u2019AMOR EN PARELLA CADA DIA<\/strong><\/p>\n<p><em>Fins i tot la vall m\u00e9s preciosa del m\u00f3n ens pot avorrir sin\u00f3 la cuidem.<\/em><\/p>\n<p>La confer\u00e8ncia d\u2019en Pep Borrell Vilanova[i] presentada durant la trobada d\u2019advent del sector Vall\u00e8s el passat 30 de novembre ens va animar i inspirar a fer una reflexi\u00f3 amena i profunda sobre l\u2019amor matrimonial, el comprom\u00eds i la vida familiar des d\u2019una perspectiva cristiana. Ens van ajudar molt els seus nombrosos exemples i an\u00e8cdotes sobre la vida en parella. A continuaci\u00f3 exposem alguns dels punts clau que va abordar:<\/p>\n<p><em><strong>&#8211;<\/strong>El comprom\u00eds com a base del matrimoni<\/em>: va recalcar la import\u00e0ncia de viure el comprom\u00eds matrimonial com un \u00abcontracte per sempre\u00bb, fins a la mort. Un \u201ccontracte\u201d gens f\u00e0cil avui en dia aix\u00f2 de comprometre\u2019s fins a la mort i va especificar que aquesta decisi\u00f3 lliure d\u2019estimar implica perseverar, independentment dels alts i baixos emocionals o circumstancials. Tamb\u00e9 implica educar els fills cristianament.<\/p>\n<p><strong>&#8211;<\/strong><em>La sexualitat com a regal de D\u00e9u:<\/em> va posar \u00e8mfasi en la difer\u00e8ncia entre la sexualitat humana i l\u2019animal, centrant-se en la llibertat i la intencionalitat amorosa de la sexualitat en el context del matrimoni. Alhora va animar a viure amb plenitud d\u2019aquest regal que D\u00e9u ens ha donat ja que, per a ell, \u00e9s al mateix temps una manera de resar en parella.<\/p>\n<p><strong>&#8211;<\/strong><em>Les fases de l\u2019amor:<\/em> l\u2019amor passa per etapes \u2013 atracci\u00f3, enamorament i amor madur \u2013 que requereixen autenticitat, servei, i comprom\u00eds actiu per continuar creixent, fins i tot quan els sentiments es tornen menys evidents.<\/p>\n<p><strong>&#8211;<\/strong><em>Plaer, felicitat i alegria:<\/em> va destacar la confusi\u00f3 entre plaer i felicitat, proposant que la felicitat real es troba en l\u2019amor, que \u00e9s donar i rebre des d\u2019un espai d\u2019entrega m\u00fatua. Per al Pep l\u2019alegria \u00e9s una caracter\u00edstica fonamental d\u2019una vida amorosa i espiritual plena. El Papa Francesc ha posat molt \u00e8mfasi que els cristians visquem amb alegria, per tal de poder ser exemple i llum a la societat. En aquesta l\u00ednia, al finalitzar la xerrada, el Pep ens va fer entrega d\u2019aquest p\u00f2ster que deia: \u201cAquesta cuina \u00e9s per ballar\u201d (This kitchen is for dancing, en angl\u00e8s, Foto 1). Ens va proposar que el peng\u00e9ssim a la cuina de casa nostra per tenir present cada dia aquesta alegria.<\/p>\n<p><strong>&#8211;<\/strong><em>Reflexi\u00f3 di\u00e0ria sobre l\u2019amor:<\/em> se\u2019ns va suggerir que cada dia abans de dormir ens f\u00e9ssim aquestes dues preguntes: \u201cHe estimat avui? La meva parella ho ha notat?\u201d. Aquest exercici promou la consci\u00e8ncia sobre com es manifesta l\u2019amor di\u00e0riament.<\/p>\n<p><strong>&#8211;<\/strong><em>Construir un ambient familiar propi:<\/em> malgrat les \u201cmotxilles\u201d personals de cada membre de la parella, el matrimoni ha de treballar conjuntament per crear un ambient familiar basat en l\u2019amor, l\u2019exemple i el suport mutu. Aquest ambient familiar ha de ser com un argot propi nostre, de cada fam\u00edlia, diferent al de la fam\u00edlia d\u2019on provenim cada membre de la parella.<\/p>\n<p>La xerrada ens va ser especialment \u00fatil per posar en perspectiva els valors essencials del matrimoni i la fam\u00edlia, recordant que l\u2019amor no \u00e9s nom\u00e9s un sentiment, sin\u00f3 tamb\u00e9 una acci\u00f3 i una decisi\u00f3 di\u00e0ria.<\/p>\n<p>Per finalitzar, el Pep va oferir un espai dist\u00e8s on v\u00e0rem poder felicitar l\u2019Albert Punt\u00ed i la L\u00eddia Abelaira del grup Terrassa 10, pels seus seixanta anys de matrimoni.<\/p>\n<p><img loading=\"lazy\" class=\"wp-image-6717 size-medium aligncenter\" src=\"https:\/\/emd-cm.cat\/wp-content\/uploads\/2025\/01\/3.3NEWSGENER2025_2-e1736032625847-227x300.jpg\" alt=\"\" width=\"227\" height=\"300\" srcset=\"https:\/\/emd-cm.cat\/wp-content\/uploads\/2025\/01\/3.3NEWSGENER2025_2-e1736032625847-227x300.jpg 227w, https:\/\/emd-cm.cat\/wp-content\/uploads\/2025\/01\/3.3NEWSGENER2025_2-e1736032625847.jpg 600w\" sizes=\"(max-width: 227px) 100vw, 227px\" \/><\/p>\n<p>Moltes gr\u00e0cies Pep pel positivisme i l\u2019alegria de viure en parella transmesa a tots els assistents!!<\/p>\n<p><strong>Elisenda Salom\u00f3 Cos i German Palac\u00edn Fornons (Sabadell 5).<\/strong><br \/>\n<strong>[i]<\/strong> Cat\u00f2lic, metge odont\u00f2leg, marit, pare, avi, conferenciant i escriptor de \u201cBailar en la cocina\u201d i \u201cNovios100%\u201d.<br \/>\n@pepborrellv<\/p>\n","protected":false},"excerpt":{"rendered":"<p>CUIDAR L\u2019AMOR EN PARELLA CADA DIA Fins i tot la vall m\u00e9s preciosa del m\u00f3n ens pot avorrir sin\u00f3 la cuidem. La confer\u00e8ncia d\u2019en Pep Borrell Vilanova[i] presentada durant la trobada d\u2019advent del sector Vall\u00e8s el passat 30 de novembre &hellip; <a class=\"kt-excerpt-readmore\" href=\"https:\/\/emd-cm.cat\/es\/vida-del-moviment-reflexio-sector-valles\/\" aria-label=\"VIDA DEL MOVIMENT:  Reflexi\u00f3 Sector Vall\u00e9s\">Leer m&aacute;s<\/a><\/p>\n","protected":false},"author":3,"featured_media":6716,"comment_status":"open","ping_status":"open","sticky":false,"template":"","format":"standard","meta":{"_monsterinsights_skip_tracking":false,"_monsterinsights_sitenote_active":false,"_monsterinsights_sitenote_note":"","_monsterinsights_sitenote_category":0},"categories":[45],"tags":[],"_links":{"self":[{"href":"https:\/\/emd-cm.cat\/es\/wp-json\/wp\/v2\/posts\/6731"}],"collection":[{"href":"https:\/\/emd-cm.cat\/es\/wp-json\/wp\/v2\/posts"}],"about":[{"href":"https:\/\/emd-cm.cat\/es\/wp-json\/wp\/v2\/types\/post"}],"author":[{"embeddable":true,"href":"https:\/\/emd-cm.cat\/es\/wp-json\/wp\/v2\/users\/3"}],"replies":[{"embeddable":true,"href":"https:\/\/emd-cm.cat\/es\/wp-json\/wp\/v2\/comments?post=6731"}],"version-history":[{"count":1,"href":"https:\/\/emd-cm.cat\/es\/wp-json\/wp\/v2\/posts\/6731\/revisions"}],"predecessor-version":[{"id":6733,"href":"https:\/\/emd-cm.cat\/es\/wp-json\/wp\/v2\/posts\/6731\/revisions\/6733"}],"wp:featuredmedia":[{"embeddable":true,"href":"https:\/\/emd-cm.cat\/es\/wp-json\/wp\/v2\/media\/6716"}],"wp:attachment":[{"href":"https:\/\/emd-cm.cat\/es\/wp-json\/wp\/v2\/media?parent=6731"}],"wp:term":[{"taxonomy":"category","embeddable":true,"href":"https:\/\/emd-cm.cat\/es\/wp-json\/wp\/v2\/categories?post=6731"},{"taxonomy":"post_tag","embeddable":true,"href":"https:\/\/emd-cm.cat\/es\/wp-json\/wp\/v2\/tags?post=6731"}],"curies":[{"name":"wp","href":"https:\/\/api.w.org\/{rel}","templated":true}]}}