{"id":6697,"date":"2025-01-04T22:46:46","date_gmt":"2025-01-04T21:46:46","guid":{"rendered":"https:\/\/emd-cm.cat\/veu-de-lequip-responsable-un-nadal-autentic\/"},"modified":"2025-01-12T22:42:49","modified_gmt":"2025-01-12T21:42:49","slug":"veu-de-lequip-responsable-un-nadal-autentic","status":"publish","type":"post","link":"https:\/\/emd-cm.cat\/es\/veu-de-lequip-responsable-un-nadal-autentic\/","title":{"rendered":"VEU DE L&#8217;EQUIP RESPONSABLE: UN NADAL AUT\u00c8NTIC"},"content":{"rendered":"<p><span style=\"font-weight: 400;\">Ja estem quasi de ple una vegada m\u00e9s a les Festes de Nadal, per actualitzar l\u2019Encarnaci\u00f3 del Fill de D\u00e9u, celebrar en definitiva l\u2019amor que D\u00e9u mostra a la humanitat marcada pel pecat i redimida per Jesucrist. S\u00ed, un any m\u00e9s \u00e9s Nadal. La pregunta que us convido a fer-nos \u00e9s mirar amb sinceritat de cor quin Nadal volem celebrar. Podem celebrar el nadal que ens venen els mitjans de comunicaci\u00f3 per mig de tantes i tantes propagandes de tot el que no pot faltar a les nostres taules o totes aquelles coses que ens poden regalar i que ens fan preocupar per veure si ho tenim tot. \u00c9s una opci\u00f3 que est\u00e0 molt present en la nostra societat i fins i tot entre els nostres.<\/span><\/p>\n<p><span style=\"font-weight: 400;\">Per\u00f2 tamb\u00e9 ens podem entusiasmar en celebrar un veritable Nadal on l\u2019actualitzaci\u00f3 del misteri del Verb fet home per nosaltres estigui ben present. Un Nadal que com a Esgl\u00e9sia Dom\u00e8stica que estem cridats a ser els matrimonis i les fam\u00edlies tinguem la il\u00b7lusi\u00f3 i el projecte d\u2019ajudar als nostres, especialment als m\u00e9s petits, als adolescents i als joves a viure com cal aquests dies Sants, celebrant amb l\u2019Eucaristia el naixement del Senyor, procurant viure amb un cor obert l\u2019amor pels altres des de la solidaritat, la tendresa i l\u2019alegria de compartir&#8230;<\/span><\/p>\n<p><span style=\"font-weight: 400;\">\u00c9s necessari, \u00e9s bonic i bo trobar-se les fam\u00edlies entorn de la taula i compartir amb alegria que som fam\u00edlia, \u00e9s bo fer-nos detalls i compartir la il\u00b7lusi\u00f3 dels m\u00e9s petits davant l\u2019arribada dels Reis Mags; \u00e9s bo i ens ajuda, per\u00f2 hem de procurar que tot aix\u00f2 no ofusqui i ens distregui de celebrar el que realment volem viure i actualitzar. Avui m\u00e9s que mai estem cridats a ser testimonis i mostrar amb la nostra manera de viure i d\u2019actuar que volem ser aut\u00e8ntics, i aix\u00f2 no vol dir que som els millors, el que hem d\u2019intentar \u00e9s ser. Estem en un m\u00f3n que: \u201co te distingues o te extingues\u201d.<\/span><\/p>\n<p><span style=\"font-weight: 400;\">Us desitjo de tot cor que tingueu un Bon i Sant Nadal, que el Senyor ens concedeixi la pau i la joia per ser llum enmig del nostre m\u00f3n i de la nostra societat.<\/span><\/p>\n<p><b>Moss\u00e8n Joan Guerola<\/b><\/p>\n<p><span style=\"font-weight: 400;\">Consiliari regional dels EMD\u00a0<\/span><\/p>\n<p><span style=\"font-weight: 400;\">de Catalunya i Menorca<\/span><\/p>\n","protected":false},"excerpt":{"rendered":"<p>Ja estem quasi de ple una vegada m\u00e9s a les Festes de Nadal, per actualitzar l\u2019Encarnaci\u00f3 del Fill de D\u00e9u, celebrar en definitiva l\u2019amor que D\u00e9u mostra a la humanitat marcada pel pecat i redimida per Jesucrist. S\u00ed, un any &hellip; <a class=\"kt-excerpt-readmore\" href=\"https:\/\/emd-cm.cat\/es\/veu-de-lequip-responsable-un-nadal-autentic\/\" aria-label=\"VEU DE L&#8217;EQUIP RESPONSABLE: UN NADAL AUT\u00c8NTIC\">Leer m&aacute;s<\/a><\/p>\n","protected":false},"author":3,"featured_media":6693,"comment_status":"open","ping_status":"open","sticky":false,"template":"","format":"standard","meta":{"_monsterinsights_skip_tracking":false,"_monsterinsights_sitenote_active":false,"_monsterinsights_sitenote_note":"","_monsterinsights_sitenote_category":0},"categories":[45],"tags":[],"_links":{"self":[{"href":"https:\/\/emd-cm.cat\/es\/wp-json\/wp\/v2\/posts\/6697"}],"collection":[{"href":"https:\/\/emd-cm.cat\/es\/wp-json\/wp\/v2\/posts"}],"about":[{"href":"https:\/\/emd-cm.cat\/es\/wp-json\/wp\/v2\/types\/post"}],"author":[{"embeddable":true,"href":"https:\/\/emd-cm.cat\/es\/wp-json\/wp\/v2\/users\/3"}],"replies":[{"embeddable":true,"href":"https:\/\/emd-cm.cat\/es\/wp-json\/wp\/v2\/comments?post=6697"}],"version-history":[{"count":3,"href":"https:\/\/emd-cm.cat\/es\/wp-json\/wp\/v2\/posts\/6697\/revisions"}],"predecessor-version":[{"id":6798,"href":"https:\/\/emd-cm.cat\/es\/wp-json\/wp\/v2\/posts\/6697\/revisions\/6798"}],"wp:featuredmedia":[{"embeddable":true,"href":"https:\/\/emd-cm.cat\/es\/wp-json\/wp\/v2\/media\/6693"}],"wp:attachment":[{"href":"https:\/\/emd-cm.cat\/es\/wp-json\/wp\/v2\/media?parent=6697"}],"wp:term":[{"taxonomy":"category","embeddable":true,"href":"https:\/\/emd-cm.cat\/es\/wp-json\/wp\/v2\/categories?post=6697"},{"taxonomy":"post_tag","embeddable":true,"href":"https:\/\/emd-cm.cat\/es\/wp-json\/wp\/v2\/tags?post=6697"}],"curies":[{"name":"wp","href":"https:\/\/api.w.org\/{rel}","templated":true}]}}