{"id":6028,"date":"2024-01-14T18:53:08","date_gmt":"2024-01-14T17:53:08","guid":{"rendered":"https:\/\/emd-cm.cat\/vida-del-moviment-presentacio-emd-mallorca\/"},"modified":"2024-01-14T21:02:50","modified_gmt":"2024-01-14T20:02:50","slug":"vida-del-moviment-presentacio-emd-mallorca","status":"publish","type":"post","link":"https:\/\/emd-cm.cat\/es\/vida-del-moviment-presentacio-emd-mallorca\/","title":{"rendered":"VEU DELS EDIP  Jornades difusi\u00f3 Mallorca"},"content":{"rendered":"<p>El passat diumenge 3 de desembre, varem tenir el plaer de poder presentar els Equips de la Mare de D\u00e9u a Cala Millor, de la m\u00e0 de Mn. Baltasar Morell, al qui li donam sincerament les gr\u00e0cies per aquesta oportunitat.<\/p>\n<p>Es van fer dues presentacions, , on varem contar amb la presencia dels enlla\u00e7os Catalunya-Menorca, en Tolo i na Joana , i els responsables del sector B, en Basi i na Goretti; una al mat\u00ed, a la celebraci\u00f3 de les 12 i l\u2019altra es va fer a l\u2019horabaixa a la celebraci\u00f3 de les 19:30. Vam estar acompanyats en tot moment per l\u2019equip de Llucmajor 1 de Mallorca que van prestar el seu testimoni de com viuen els EMD i ens va ser de gran ajuda i suport.<\/p>\n<p><img loading=\"lazy\" class=\"alignnone size-medium wp-image-6025\" src=\"https:\/\/emd-cm.cat\/wp-content\/uploads\/2024\/01\/3.4.-NEWS-GENER-2024-EMD-VIDA-DEL-MOVIMENT-imatge-3-Presentacio-EMD-Mallorca-300x229.jpg\" alt=\"\" width=\"300\" height=\"229\" srcset=\"https:\/\/emd-cm.cat\/wp-content\/uploads\/2024\/01\/3.4.-NEWS-GENER-2024-EMD-VIDA-DEL-MOVIMENT-imatge-3-Presentacio-EMD-Mallorca-300x229.jpg 300w, https:\/\/emd-cm.cat\/wp-content\/uploads\/2024\/01\/3.4.-NEWS-GENER-2024-EMD-VIDA-DEL-MOVIMENT-imatge-3-Presentacio-EMD-Mallorca-1024x782.jpg 1024w, https:\/\/emd-cm.cat\/wp-content\/uploads\/2024\/01\/3.4.-NEWS-GENER-2024-EMD-VIDA-DEL-MOVIMENT-imatge-3-Presentacio-EMD-Mallorca-768x587.jpg 768w, https:\/\/emd-cm.cat\/wp-content\/uploads\/2024\/01\/3.4.-NEWS-GENER-2024-EMD-VIDA-DEL-MOVIMENT-imatge-3-Presentacio-EMD-Mallorca-1536x1173.jpg 1536w, https:\/\/emd-cm.cat\/wp-content\/uploads\/2024\/01\/3.4.-NEWS-GENER-2024-EMD-VIDA-DEL-MOVIMENT-imatge-3-Presentacio-EMD-Mallorca.jpg 1652w\" sizes=\"(max-width: 300px) 100vw, 300px\" \/><\/p>\n<p>Va esser una presentaci\u00f3 cufia i encisadora, on varem donar un tast dels equips, per poder donar a con\u00eaixer i fer entrar en ganes als presents, els quals varen respondre amb consultes i ganes de sabre m\u00e9s al acabar les celebracions.<\/p>\n<p>Vam poder participar de l\u2019eucaristia molt viscuda per una comunitat principalment formada per immigrants i treballadors de l\u2019hostaleria, i alguns d\u2019ells van mostrar inter\u00e8s per la informaci\u00f3 que els hi vam traslladar.<\/p>\n<p><img loading=\"lazy\" class=\"alignnone size-medium wp-image-6023\" src=\"https:\/\/emd-cm.cat\/wp-content\/uploads\/2024\/01\/3.4.-NEWS-GENER-2024-EMD-VIDA-DEL-MOVIMENT-imatge-2-Presentacio-EMD-Mallorca-e1705254905547-300x169.jpg\" alt=\"\" width=\"300\" height=\"169\" srcset=\"https:\/\/emd-cm.cat\/wp-content\/uploads\/2024\/01\/3.4.-NEWS-GENER-2024-EMD-VIDA-DEL-MOVIMENT-imatge-2-Presentacio-EMD-Mallorca-e1705254905547-300x169.jpg 300w, https:\/\/emd-cm.cat\/wp-content\/uploads\/2024\/01\/3.4.-NEWS-GENER-2024-EMD-VIDA-DEL-MOVIMENT-imatge-2-Presentacio-EMD-Mallorca-e1705254905547.jpg 600w\" sizes=\"(max-width: 300px) 100vw, 300px\" \/><\/p>\n<p>Tamb\u00e9 vam poder acordar amb alguns d\u2019ells que, despr\u00e9s de les festes de Nadal, ens tornar\u00edem a trobar, i si hi ha un grup de matrimonis interessats provar\u00edem d\u2019organitzar una \u201cEscapada XA3\u201d a Mallorca per a que puguin viure de primera m\u00e0 l\u2019experi\u00e8ncia de participar en un equip de matrimonis. Preguem per a qu\u00e8 aix\u00ed sigui.<\/p>\n<p><b>\u00a0<\/b><b>Sebasti\u00e1 Marcadal i Martina Mir\u00a0<\/b><\/p>\n<p><span style=\"font-weight: 400;\">\u00a0\u00a0\u00a0\u00a0\u00a0\u00a0\u00a0\u00a0\u00a0\u00a0\u00a0\u00a0\u00a0\u00a0\u00a0\u00a0Coord. EDIP Menorca<\/span><\/p>\n","protected":false},"excerpt":{"rendered":"<p>El passat diumenge 3 de desembre, varem tenir el plaer de poder presentar els Equips de la Mare de D\u00e9u a Cala Millor, de la m\u00e0 de Mn. Baltasar Morell, al qui li donam sincerament les gr\u00e0cies per aquesta oportunitat. &hellip; <a class=\"kt-excerpt-readmore\" href=\"https:\/\/emd-cm.cat\/es\/vida-del-moviment-presentacio-emd-mallorca\/\" aria-label=\"VEU DELS EDIP  Jornades difusi\u00f3 Mallorca\">Leer m&aacute;s<\/a><\/p>\n","protected":false},"author":3,"featured_media":6022,"comment_status":"open","ping_status":"open","sticky":false,"template":"","format":"standard","meta":{"_monsterinsights_skip_tracking":false,"_monsterinsights_sitenote_active":false,"_monsterinsights_sitenote_note":"","_monsterinsights_sitenote_category":0},"categories":[45,55],"tags":[],"_links":{"self":[{"href":"https:\/\/emd-cm.cat\/es\/wp-json\/wp\/v2\/posts\/6028"}],"collection":[{"href":"https:\/\/emd-cm.cat\/es\/wp-json\/wp\/v2\/posts"}],"about":[{"href":"https:\/\/emd-cm.cat\/es\/wp-json\/wp\/v2\/types\/post"}],"author":[{"embeddable":true,"href":"https:\/\/emd-cm.cat\/es\/wp-json\/wp\/v2\/users\/3"}],"replies":[{"embeddable":true,"href":"https:\/\/emd-cm.cat\/es\/wp-json\/wp\/v2\/comments?post=6028"}],"version-history":[{"count":3,"href":"https:\/\/emd-cm.cat\/es\/wp-json\/wp\/v2\/posts\/6028\/revisions"}],"predecessor-version":[{"id":6093,"href":"https:\/\/emd-cm.cat\/es\/wp-json\/wp\/v2\/posts\/6028\/revisions\/6093"}],"wp:featuredmedia":[{"embeddable":true,"href":"https:\/\/emd-cm.cat\/es\/wp-json\/wp\/v2\/media\/6022"}],"wp:attachment":[{"href":"https:\/\/emd-cm.cat\/es\/wp-json\/wp\/v2\/media?parent=6028"}],"wp:term":[{"taxonomy":"category","embeddable":true,"href":"https:\/\/emd-cm.cat\/es\/wp-json\/wp\/v2\/categories?post=6028"},{"taxonomy":"post_tag","embeddable":true,"href":"https:\/\/emd-cm.cat\/es\/wp-json\/wp\/v2\/tags?post=6028"}],"curies":[{"name":"wp","href":"https:\/\/api.w.org\/{rel}","templated":true}]}}