{"id":5938,"date":"2024-01-14T08:28:44","date_gmt":"2024-01-14T07:28:44","guid":{"rendered":"https:\/\/emd-cm.cat\/vida-del-moviment-reces-advent-tortosa-a-la-cava\/"},"modified":"2024-01-14T08:29:22","modified_gmt":"2024-01-14T07:29:22","slug":"vida-del-moviment-reces-advent-tortosa-a-la-cava","status":"publish","type":"post","link":"https:\/\/emd-cm.cat\/es\/vida-del-moviment-reces-advent-tortosa-a-la-cava\/","title":{"rendered":"VIDA DEL MOVIMENT  Rec\u00e9s advent Tortosa a La Cava"},"content":{"rendered":"<p>El diumenge 3 de desembre de 2023 es va celebrar a la parr\u00f2quia de Sant Miquel Arc\u00e0ngel, de Deltebre &#8211; La Cava, el rec\u00e9s d\u2019Advent del Sector de Tortosa. Vam comptar amb la pres\u00e8ncia de  Pepita i Pepe, responsables dels Equips de Catalunya i Menorca. Despr\u00e9s de l\u2019acollida inicial, els responsables de Sector, Alba i Llu\u00eds, van dirigir la preg\u00e0ria basant-se en una can\u00e7\u00f3 d\u2019Hakuna.<br \/>\nTot seguit, es va participar a la missa parroquial. El rector de la parr\u00f2quia, Moss\u00e8n Joan Guerola, va fer una xerrada titulada \u201cViure la fe en el matrimoni. Estar atents al m\u00f3n d\u2019avui\u201d.<br \/>\nUn cop finalitzada, Alba i Llu\u00eds van donar informacions generals i ens van passar un document per ajudar a fer la sentada.<\/p>\n<p>Finalment, la trobada va acabar amb un dinar.<\/p>\n<p><strong> Luis Miguel Tom\u00e1s i M\u00aa Alba Franco<br \/>\nResponsables sector Tortosa<\/strong><br \/>\n<img loading=\"lazy\" src=\"https:\/\/emd-cm.cat\/wp-content\/uploads\/2024\/01\/3.-NEWS-GENER-2024-EMD-VIDA-DEL-MOVIMENT-imatge-2-scaled-e1705217243888-300x169.jpg\" alt=\"\" width=\"300\" height=\"169\" class=\"alignnone size-medium wp-image-5934\" srcset=\"https:\/\/emd-cm.cat\/wp-content\/uploads\/2024\/01\/3.-NEWS-GENER-2024-EMD-VIDA-DEL-MOVIMENT-imatge-2-scaled-e1705217243888-300x169.jpg 300w, https:\/\/emd-cm.cat\/wp-content\/uploads\/2024\/01\/3.-NEWS-GENER-2024-EMD-VIDA-DEL-MOVIMENT-imatge-2-scaled-e1705217243888.jpg 500w\" sizes=\"(max-width: 300px) 100vw, 300px\" \/><\/p>\n","protected":false},"excerpt":{"rendered":"<p>El diumenge 3 de desembre de 2023 es va celebrar a la parr\u00f2quia de Sant Miquel Arc\u00e0ngel, de Deltebre &#8211; La Cava, el rec\u00e9s d\u2019Advent del Sector de Tortosa. Vam comptar amb la pres\u00e8ncia de Pepita i Pepe, responsables dels &hellip; <a class=\"kt-excerpt-readmore\" href=\"https:\/\/emd-cm.cat\/es\/vida-del-moviment-reces-advent-tortosa-a-la-cava\/\" aria-label=\"VIDA DEL MOVIMENT  Rec\u00e9s advent Tortosa a La Cava\">Leer m&aacute;s<\/a><\/p>\n","protected":false},"author":3,"featured_media":5933,"comment_status":"open","ping_status":"open","sticky":false,"template":"","format":"standard","meta":{"_monsterinsights_skip_tracking":false,"_monsterinsights_sitenote_active":false,"_monsterinsights_sitenote_note":"","_monsterinsights_sitenote_category":0},"categories":[45,55],"tags":[],"_links":{"self":[{"href":"https:\/\/emd-cm.cat\/es\/wp-json\/wp\/v2\/posts\/5938"}],"collection":[{"href":"https:\/\/emd-cm.cat\/es\/wp-json\/wp\/v2\/posts"}],"about":[{"href":"https:\/\/emd-cm.cat\/es\/wp-json\/wp\/v2\/types\/post"}],"author":[{"embeddable":true,"href":"https:\/\/emd-cm.cat\/es\/wp-json\/wp\/v2\/users\/3"}],"replies":[{"embeddable":true,"href":"https:\/\/emd-cm.cat\/es\/wp-json\/wp\/v2\/comments?post=5938"}],"version-history":[{"count":1,"href":"https:\/\/emd-cm.cat\/es\/wp-json\/wp\/v2\/posts\/5938\/revisions"}],"predecessor-version":[{"id":5940,"href":"https:\/\/emd-cm.cat\/es\/wp-json\/wp\/v2\/posts\/5938\/revisions\/5940"}],"wp:featuredmedia":[{"embeddable":true,"href":"https:\/\/emd-cm.cat\/es\/wp-json\/wp\/v2\/media\/5933"}],"wp:attachment":[{"href":"https:\/\/emd-cm.cat\/es\/wp-json\/wp\/v2\/media?parent=5938"}],"wp:term":[{"taxonomy":"category","embeddable":true,"href":"https:\/\/emd-cm.cat\/es\/wp-json\/wp\/v2\/categories?post=5938"},{"taxonomy":"post_tag","embeddable":true,"href":"https:\/\/emd-cm.cat\/es\/wp-json\/wp\/v2\/tags?post=5938"}],"curies":[{"name":"wp","href":"https:\/\/api.w.org\/{rel}","templated":true}]}}