{"id":5814,"date":"2023-10-23T00:18:18","date_gmt":"2023-10-22T22:18:18","guid":{"rendered":"https:\/\/emd-cm.cat\/vida-del-moviment-el-sector-de-tortosa-celebra-linici-de-curs-a-la-parroquia-dels-dolors\/"},"modified":"2023-10-23T20:48:55","modified_gmt":"2023-10-23T18:48:55","slug":"vida-del-moviment-el-sector-de-tortosa-celebra-linici-de-curs-a-la-parroquia-dels-dolors","status":"publish","type":"post","link":"https:\/\/emd-cm.cat\/es\/vida-del-moviment-el-sector-de-tortosa-celebra-linici-de-curs-a-la-parroquia-dels-dolors\/","title":{"rendered":"VIDA DEL MOVIMENT EL SECTOR DE TORTOSA CELEBRA L\u2019INICI DE CURS A LA PARR\u00d2QUIA DELS DOLORS"},"content":{"rendered":"<p>El diumenge 2 d\u2019octubre de 2023 es va celebrar a la parr\u00f2quia de la Mare de D\u00e9u dels Dolors, de Tortosa, la trobada d\u2019inici de curs del sector.<\/p>\n<p>Despr\u00e9s de l\u2019acollida inicial, moss\u00e8n Jordi Salvador va fer una xarrada sobre el tema d\u2019estudi d\u2019enguany, \u00abL\u2019eucaristia, font de missi\u00f3\u00bb. Tot seguit, es va participar a la missa parroquial de les 11.30h, concelebrada pel rector, moss\u00e8n Jos\u00e9 Luis Ar\u00edn i moss\u00e8n Jordi Salvador.<\/p>\n<p>El matrimoni responsable, Alba i Llu\u00eds, van donar diverses informacions sobre les novetats del curs que ara encetem i sobre la trobada internacional de Tor\u00ed que se celebrar\u00e0 al juliol.<\/p>\n<p>La trobada va acabar amb un dinar de germanor.<\/p>\n<p><strong>Xavier Aixendri i Llu\u00efsa Mu\u00f1oz<br \/>\nEMD Tortosa 7<\/strong><\/p>\n","protected":false},"excerpt":{"rendered":"<p>El diumenge 2 d\u2019octubre de 2023 es va celebrar a la parr\u00f2quia de la Mare de D\u00e9u dels Dolors, de Tortosa, la trobada d\u2019inici de curs del sector. Despr\u00e9s de l\u2019acollida inicial, moss\u00e8n Jordi Salvador va fer una xarrada sobre &hellip; <a class=\"kt-excerpt-readmore\" href=\"https:\/\/emd-cm.cat\/es\/vida-del-moviment-el-sector-de-tortosa-celebra-linici-de-curs-a-la-parroquia-dels-dolors\/\" aria-label=\"VIDA DEL MOVIMENT EL SECTOR DE TORTOSA CELEBRA L\u2019INICI DE CURS A LA PARR\u00d2QUIA DELS DOLORS\">Leer m&aacute;s<\/a><\/p>\n","protected":false},"author":3,"featured_media":5777,"comment_status":"open","ping_status":"open","sticky":false,"template":"","format":"standard","meta":{"_monsterinsights_skip_tracking":false,"_monsterinsights_sitenote_active":false,"_monsterinsights_sitenote_note":"","_monsterinsights_sitenote_category":0},"categories":[45],"tags":[],"_links":{"self":[{"href":"https:\/\/emd-cm.cat\/es\/wp-json\/wp\/v2\/posts\/5814"}],"collection":[{"href":"https:\/\/emd-cm.cat\/es\/wp-json\/wp\/v2\/posts"}],"about":[{"href":"https:\/\/emd-cm.cat\/es\/wp-json\/wp\/v2\/types\/post"}],"author":[{"embeddable":true,"href":"https:\/\/emd-cm.cat\/es\/wp-json\/wp\/v2\/users\/3"}],"replies":[{"embeddable":true,"href":"https:\/\/emd-cm.cat\/es\/wp-json\/wp\/v2\/comments?post=5814"}],"version-history":[{"count":1,"href":"https:\/\/emd-cm.cat\/es\/wp-json\/wp\/v2\/posts\/5814\/revisions"}],"predecessor-version":[{"id":5816,"href":"https:\/\/emd-cm.cat\/es\/wp-json\/wp\/v2\/posts\/5814\/revisions\/5816"}],"wp:featuredmedia":[{"embeddable":true,"href":"https:\/\/emd-cm.cat\/es\/wp-json\/wp\/v2\/media\/5777"}],"wp:attachment":[{"href":"https:\/\/emd-cm.cat\/es\/wp-json\/wp\/v2\/media?parent=5814"}],"wp:term":[{"taxonomy":"category","embeddable":true,"href":"https:\/\/emd-cm.cat\/es\/wp-json\/wp\/v2\/categories?post=5814"},{"taxonomy":"post_tag","embeddable":true,"href":"https:\/\/emd-cm.cat\/es\/wp-json\/wp\/v2\/tags?post=5814"}],"curies":[{"name":"wp","href":"https:\/\/api.w.org\/{rel}","templated":true}]}}