{"id":5460,"date":"2022-12-11T22:26:43","date_gmt":"2022-12-11T21:26:43","guid":{"rendered":"https:\/\/emd-cm.cat\/?p=5460"},"modified":"2022-12-11T22:27:09","modified_gmt":"2022-12-11T21:27:09","slug":"veu-dels-equips-los-inicios-de-los-equipos-en-espana","status":"publish","type":"post","link":"https:\/\/emd-cm.cat\/es\/veu-dels-equips-los-inicios-de-los-equipos-en-espana\/","title":{"rendered":"VEU DELS EQUIPS &#8211; LOS INICIOS DE LOS EQUIPOS EN ESPA\u00d1A"},"content":{"rendered":"<p>Comenzaron en Barcelona. Dos cartas muestran el inicio de la relaci\u00f3n de los grupos familiares de Barcelona con el P. Caffarel, cuyos puntos principales, mostramos a continuaci\u00f3n. Investigando en la correspondencia se percibe la sensibilidad y la colaboraci\u00f3n de ambas partes.<br \/>\nDestacamos una carta de diciembre de 1951 dirigida desde Barcelona al P. Caffarel, en la que dicen haber le\u00eddo otra suya, y que quieren aprovechar su experiencia especialmente en las primeras etapas de expansi\u00f3n de los grupos de hogares en Catalu\u00f1a.<br \/>\nIndican, tambi\u00e9n, que han dedicado en Barcelona dos reuniones y parte de una tercera a la lectura y comentarios de la Carta de los Equipos. Le dicen que en sus reuniones han resaltado la importancia que dan los \u201c\u00c9quipes Notre-Dame\u201d a la oraci\u00f3n en com\u00fan.<br \/>\nDadas las dificultades econ\u00f3micas para asistir a una reuni\u00f3n de los Grupos de Hogares en Francia (a\u00fan no se llamaban Equipos), proponen una reuni\u00f3n en Barcelona y ofrecen acoger, con motivo del Congreso Eucar\u00edstico de 1952, a los miembros de los Grupos franceses que vinieran al Congreso.<br \/>\nSobre la implantaci\u00f3n de los grupos en Barcelona resaltan que el clero tiene una actitud de prudencia. Est\u00e1n seguros, dice la carta, de que la edici\u00f3n aqu\u00ed de una serie de art\u00edculos de L \u2018Anneau d\u2019Or, propuesta por el P. Caffarel, facilitar\u00e1 el acercamiento del proyecto de grupos al clero.<br \/>\nComo an\u00e9cdota, nos comentaba nuestro consiliario, que el Obispo de Barcelona no era partidario de que los matrimonios se reunieran por la noche en domicilios particulares. Era algo poco usual en aquellos a\u00f1os y tem\u00eda que pudieran ser ocasi\u00f3n de problemas.<br \/>\nEl P. Caffarel contesta en enero de 1952 a la carta de Barcelona, da las gracias, pide excusas por no haber respondido antes y lamenta que no hayan podido asistir a las reuniones que hubo en Francia en diciembre, con la presencia de 150 hogares responsables de \u201c\u00c9quipes Notre-Dame\u201d de Francia, B\u00e9lgica, Suiza y T\u00fanez.<br \/>\nLes comunica que no dudar\u00e1 en venir a Barcelona cuando lo crean oportuno y que cree que tienen suficiente informaci\u00f3n para lanzar los grupos sin problemas, ya que han entendido perfectamente la l\u00ednea que deben seguir y que est\u00e1n haciendo muy buen trabajo. \u201cEscribidme, me complace y, adem\u00e1s, nos enriquece el alma al no limitarnos a los problemas de nuestro propio pa\u00eds\u201d, dice en su contestaci\u00f3n de enero.<br \/>\nDesea que el proyecto de traducci\u00f3n a la lengua espa\u00f1ola de l\u2019Anneau d\u2019Or, (una publicaci\u00f3n de prestigio), se lleve a cabo. Es esencial, dice, que se conozca la mentalidad espa\u00f1ola eligiendo entre los art\u00edculos propuestos los que m\u00e1s convienen. Cree que es necesario modificar algunos giros o algunas presentaciones que corren el riesgo de herir una psicolog\u00eda distinta de la piscolog\u00eda francesa.<br \/>\nSe despide reiterando sus disculpas por el retraso en contestar.<\/p>\n<p><strong> Marisa Bl\u00e1zquez y Enrique Manzanilla<br \/>\nEMD Barcelona 176<\/strong><\/p>\n","protected":false},"excerpt":{"rendered":"<p>Comenzaron en Barcelona. Dos cartas muestran el inicio de la relaci\u00f3n de los grupos familiares de Barcelona con el P. Caffarel, cuyos puntos principales, mostramos a continuaci\u00f3n. Investigando en la correspondencia se percibe la sensibilidad y la colaboraci\u00f3n de ambas &hellip; <a class=\"kt-excerpt-readmore\" href=\"https:\/\/emd-cm.cat\/es\/veu-dels-equips-los-inicios-de-los-equipos-en-espana\/\" aria-label=\"VEU DELS EQUIPS &#8211; LOS INICIOS DE LOS EQUIPOS EN ESPA\u00d1A\">Leer m&aacute;s<\/a><\/p>\n","protected":false},"author":3,"featured_media":5458,"comment_status":"open","ping_status":"open","sticky":false,"template":"","format":"standard","meta":{"_monsterinsights_skip_tracking":false,"_monsterinsights_sitenote_active":false,"_monsterinsights_sitenote_note":"","_monsterinsights_sitenote_category":0},"categories":[45],"tags":[],"_links":{"self":[{"href":"https:\/\/emd-cm.cat\/es\/wp-json\/wp\/v2\/posts\/5460"}],"collection":[{"href":"https:\/\/emd-cm.cat\/es\/wp-json\/wp\/v2\/posts"}],"about":[{"href":"https:\/\/emd-cm.cat\/es\/wp-json\/wp\/v2\/types\/post"}],"author":[{"embeddable":true,"href":"https:\/\/emd-cm.cat\/es\/wp-json\/wp\/v2\/users\/3"}],"replies":[{"embeddable":true,"href":"https:\/\/emd-cm.cat\/es\/wp-json\/wp\/v2\/comments?post=5460"}],"version-history":[{"count":2,"href":"https:\/\/emd-cm.cat\/es\/wp-json\/wp\/v2\/posts\/5460\/revisions"}],"predecessor-version":[{"id":5463,"href":"https:\/\/emd-cm.cat\/es\/wp-json\/wp\/v2\/posts\/5460\/revisions\/5463"}],"wp:featuredmedia":[{"embeddable":true,"href":"https:\/\/emd-cm.cat\/es\/wp-json\/wp\/v2\/media\/5458"}],"wp:attachment":[{"href":"https:\/\/emd-cm.cat\/es\/wp-json\/wp\/v2\/media?parent=5460"}],"wp:term":[{"taxonomy":"category","embeddable":true,"href":"https:\/\/emd-cm.cat\/es\/wp-json\/wp\/v2\/categories?post=5460"},{"taxonomy":"post_tag","embeddable":true,"href":"https:\/\/emd-cm.cat\/es\/wp-json\/wp\/v2\/tags?post=5460"}],"curies":[{"name":"wp","href":"https:\/\/api.w.org\/{rel}","templated":true}]}}