{"id":4617,"date":"2021-11-24T23:28:47","date_gmt":"2021-11-24T22:28:47","guid":{"rendered":"https:\/\/emd-cm.cat\/?p=4617"},"modified":"2021-11-24T23:28:47","modified_gmt":"2021-11-24T22:28:47","slug":"somosunosomostres-es","status":"publish","type":"post","link":"https:\/\/emd-cm.cat\/es\/somosunosomostres-es\/","title":{"rendered":"Somosunosomostres.es"},"content":{"rendered":"<p>\u00a1No, no faltan espacios! Est\u00e1 bien escrito, este es el nombre de la campa\u00f1a que se ha promovido desde la Superregi\u00f3n de Espa\u00f1a para hacer difusi\u00f3n de los Equipos de Nuestra Se\u00f1ora. Es una campa\u00f1a que se ha lanzado el 21 de noviembre en todas las redes sociales y a todos los que formamos parte del Movimiento para que hagamos difusi\u00f3n cada uno de nosotros.  Se present\u00f3 el pasado 17 de noviembre al cardenal Mn. Omella en la Conferencia Episcopal y ha sido muy bien aceptada, han felicitado al Movimiento por la iniciativa.<\/p>\n<p>Todos sabemos, aunque muchas veces no seamos conscientes de ello, que tenemos un tesoro que son los Equipos, que hemos recibido un regalo que no podemos quedarnos para nosotros solos. Que, si a nosotros nos ha ayudado en nuestra vida matrimonial, \u00bfacaso los dem\u00e1s no tienen derecho a recibir el mismo regalo que un d\u00eda nos hicieron a nosotros, acaso no necesitan tener la oportunidad de conocernos y decidir si quieren formar parte de nuestra familia? Os invitamos y, os pedimos tambi\u00e9n, a todos que, por favor, compart\u00e1is este enlace que os enviamos con todos vuestros contactos, nunca se sabe qui\u00e9n lo necesitar\u00e1 o qu\u00e9 respuesta nos van a dar, muchas veces recibimos sorpresas de gente de la que no lo esper\u00e1bamos. Hay muchos matrimonios, m\u00e1s de los que nos pensamos que est\u00e1 buscando y necesita una llamada, una invitaci\u00f3n, una palabra. Y nosotros tenemos la responsabilidad como cristianos de sembrar. Recordad que\u2026<\/p>\n<p>\u201c\u2026Vosotros sois la sal de la tierra. Pero si la sal se vuelve sosa, \u00bfcon qu\u00e9 la salar\u00e1n?\u2026 Tampoco se enciende una l\u00e1mpara para meterla debajo del celem\u00edn, sino para ponerla en el candelero y que alumbre a todos los de casa&#8230;\u201d (Mt, 5)<\/p>\n<p><a href=\"https:\/\/somosunosomostres.equiposens.org\/\" rel=\"noopener\" target=\"_blank\">Somosunosomostres.es<\/a><br \/>\n<a href=\"https:\/\/youtu.be\/iELMmYtWdQk\" rel=\"noopener\" target=\"_blank\">Video en castellano<\/a><br \/>\n<a href=\"https:\/\/youtu.be\/TcRFYeMdcw0\" rel=\"noopener\" target=\"_blank\">Video en catal\u00e0<\/a><\/p>\n<p><strong>Victoria Garc\u00eda y Agust\u00edn Labrador<br \/>\n     EMD Barcelona 178<\/strong><\/p>\n","protected":false},"excerpt":{"rendered":"<p>\u00a1No, no faltan espacios! Est\u00e1 bien escrito, este es el nombre de la campa\u00f1a que se ha promovido desde la Superregi\u00f3n de Espa\u00f1a para hacer difusi\u00f3n de los Equipos de Nuestra Se\u00f1ora. Es una campa\u00f1a que se ha lanzado el &hellip; <a class=\"kt-excerpt-readmore\" href=\"https:\/\/emd-cm.cat\/es\/somosunosomostres-es\/\" aria-label=\"Somosunosomostres.es\">Leer m&aacute;s<\/a><\/p>\n","protected":false},"author":3,"featured_media":4615,"comment_status":"open","ping_status":"open","sticky":false,"template":"","format":"standard","meta":{"_monsterinsights_skip_tracking":false,"_monsterinsights_sitenote_active":false,"_monsterinsights_sitenote_note":"","_monsterinsights_sitenote_category":0},"categories":[45],"tags":[],"_links":{"self":[{"href":"https:\/\/emd-cm.cat\/es\/wp-json\/wp\/v2\/posts\/4617"}],"collection":[{"href":"https:\/\/emd-cm.cat\/es\/wp-json\/wp\/v2\/posts"}],"about":[{"href":"https:\/\/emd-cm.cat\/es\/wp-json\/wp\/v2\/types\/post"}],"author":[{"embeddable":true,"href":"https:\/\/emd-cm.cat\/es\/wp-json\/wp\/v2\/users\/3"}],"replies":[{"embeddable":true,"href":"https:\/\/emd-cm.cat\/es\/wp-json\/wp\/v2\/comments?post=4617"}],"version-history":[{"count":1,"href":"https:\/\/emd-cm.cat\/es\/wp-json\/wp\/v2\/posts\/4617\/revisions"}],"predecessor-version":[{"id":4618,"href":"https:\/\/emd-cm.cat\/es\/wp-json\/wp\/v2\/posts\/4617\/revisions\/4618"}],"wp:featuredmedia":[{"embeddable":true,"href":"https:\/\/emd-cm.cat\/es\/wp-json\/wp\/v2\/media\/4615"}],"wp:attachment":[{"href":"https:\/\/emd-cm.cat\/es\/wp-json\/wp\/v2\/media?parent=4617"}],"wp:term":[{"taxonomy":"category","embeddable":true,"href":"https:\/\/emd-cm.cat\/es\/wp-json\/wp\/v2\/categories?post=4617"},{"taxonomy":"post_tag","embeddable":true,"href":"https:\/\/emd-cm.cat\/es\/wp-json\/wp\/v2\/tags?post=4617"}],"curies":[{"name":"wp","href":"https:\/\/api.w.org\/{rel}","templated":true}]}}